{"id":90594,"date":"2025-12-04T10:16:21","date_gmt":"2025-12-04T10:16:21","guid":{"rendered":"https:\/\/www.lanterne-magique.org\/?p=90594"},"modified":"2025-12-11T09:08:55","modified_gmt":"2025-12-11T09:08:55","slug":"tagfreiwillige-2025","status":"publish","type":"post","link":"https:\/\/www.lanterne-magique.org\/de\/tagfreiwillige-2025\/","title":{"rendered":"Entdecken Sie unsere Freiwilligen\u2026"},"content":{"rendered":"<p><strong>In der Schweiz stellen jedes Jahr \u00fcber 800 Freiwillige ihre Zeit zu Verf\u00fcgung, um die Vorstellungen der Zauberlaterne und der Kleinen Laterne m\u00f6glich zu machen. Ohne ihre Unterst\u00fctzung w\u00e4re keines der beiden Angebote m\u00f6glich!<\/strong><\/p>\n<p>Die Zauberlaterne m\u00f6chte anl\u00e4sslich des internationalen Tages der Frewilligenarbeit am Freitag, 5. Dezember ihre Anerkennung aussprechen. Dieses Jahr haben mehrere Freiwillige uns ihre Motive f\u00fcr ihr Engagement mitgeteilt. Das Kino entdecken, das Staunen der Kinder beobachten oder neue Kompetenzen lernen: alle Gr\u00fcnde sind gut, um am Leben Der Zauberlaterne teilzunehmen.<\/p>\n<p><img decoding=\"async\" class=\"separateur noir\" src=\"https:\/\/www.lanterne-magique.org\/wp-content\/themes\/lanterne-magique\/static\/images\/bande_noire_longue.svg\" class=\"separateur_noir\"><\/p>\n<p><mark><strong>Warum haben Sie sich f\u00fcr eine Freiwilligenengagement bei Der Zauberlaterne entschieden?<\/strong><\/mark><\/p>\n<p><img decoding=\"async\" class=\"separateur noir\" src=\"https:\/\/www.lanterne-magique.org\/wp-content\/themes\/lanterne-magique\/static\/images\/bande_noire_longue.svg\" class=\"separateur_noir\"><\/p>\n<p><strong>ALINE &#8211; Verwantwortliche Kleine Laterne Vevey<\/strong><\/p>\n<p>\u00abWeil das Kino f\u00fcr mich ein Tor zur Kultur und zum Erlernen von Werten ist, und zwar schon ab dem j\u00fcngsten Alter. Was mich am meisten begeistert, ist der staunende Blick der 4- bis 6-J\u00e4hrigen w\u00e4hrend der Vorstellung.\u00bb<\/p>\n<p><img decoding=\"async\" class=\"separateur noir\" src=\"https:\/\/www.lanterne-magique.org\/wp-content\/themes\/lanterne-magique\/static\/images\/bande_noire_longue.svg\" class=\"separateur_noir\"><\/p>\n<p><strong>SARA &#8211; Klubverantwortliche Zauberlaterne Acquarossa<\/strong><\/p>\n<p>\u00abWeil bei Der Zauberlaterne wirklich Wert auf die Qualit\u00e4t der Filmauswahl gelegt wird. Ich habe mich entschlossen, ehrenamtlich f\u00fcr das junge Publikum in meiner Region (Valle di Blenio) zu arbeiten, f\u00fcr meine Tochter, aber auch f\u00fcr mich selbst.\u00bb<\/p>\n<p><img decoding=\"async\" class=\"separateur noir\" src=\"https:\/\/www.lanterne-magique.org\/wp-content\/themes\/lanterne-magique\/static\/images\/bande_noire_longue.svg\" class=\"separateur_noir\"><\/p>\n<p><strong>BARBARA &#8211; Verantwortliche Fundraising  Zauberlaterne M\u00e4nnedorf<\/strong><\/p>\n<p>\u00abDa ich selbst eine grosse Filmfanatikerin bin, sch\u00e4tze ich die M\u00f6glichkeit, mich in diesem Bereich zu engagieren. Ausserdem k\u00f6nnen auch meine eigenen Kinder von diesem Angebot profitieren, ich kann mich in der Region engagieren und in einem tollen Team arbeiten.\u00bb<\/p>\n<p><img decoding=\"async\" class=\"separateur noir\" src=\"https:\/\/www.lanterne-magique.org\/wp-content\/themes\/lanterne-magique\/static\/images\/bande_noire_longue.svg\" class=\"separateur_noir\"><\/p>\n<p><strong>MARTINE &#8211; Sekret\u00e4rin Zauberlaterne Martigny<\/strong><\/p>\n<p>\u00abWeil es mir sehr wichtig war, zu Beginn meines Ruhestands eine ehrenamtliche T\u00e4tigkeit auszu\u00fcben. Die Zauberlaterne bietet mir die M\u00f6glichkeit, im Team zu arbeiten, neue Ideen f\u00fcr die Entwicklung unseres Vereins zu entwickeln und neue Beziehungen zwischen den Mitgliedern und zu den Eltern aufzubauen.\u00bb<\/p>\n<p><img decoding=\"async\" class=\"separateur noir\" src=\"https:\/\/www.lanterne-magique.org\/wp-content\/themes\/lanterne-magique\/static\/images\/bande_noire_longue.svg\" class=\"separateur_noir\"><\/p>\n<p><strong>DILFIGAR &#8211; Verwantwortliche Werbung Zauberlaterne Yverdon-les-Bains<\/strong><\/p>\n<p>\u00abWeil ich neben meiner Rolle als Mutter und meiner 60-Prozent-Stelle noch etwas anderes machen wollte. W\u00e4hrend meiner f\u00fcnfj\u00e4hrigen ehrenamtlichen T\u00e4tigkeit bei Der Zauberlaterne konnte ich mein Wissen einbringen, tolle Menschen kennenlernen und die strahlenden Augen der Kinder bei den Vorf\u00fchrungen sehen. Auf zu neuen Abenteuern!\u00bb<\/p>\n<p><img decoding=\"async\" class=\"separateur noir\" src=\"https:\/\/www.lanterne-magique.org\/wp-content\/themes\/lanterne-magique\/static\/images\/bande_noire_longue.svg\" class=\"separateur_noir\"><\/p>\n<p><strong>SAMUEL &#8211; Buchhalter Zauberlaterne Einsiedeln<\/strong><\/p>\n<p>\u00abIch wollte mich ehrenamtlich engagieren, um einen Beitrag f\u00fcr die Gemeinschaft zu leisten und gleichzeitig mein Wissen zu erweitern. Die F\u00e4higkeiten, die ich im Rahmen meines Engagements als Buchhalter des Vereins erworben habe, tragen zu meinem allgemeinen Verst\u00e4ndnis der verschiedenen Zusammenh\u00e4nge bei.\u00bb<\/p>\n<p><img decoding=\"async\" class=\"separateur noir\" src=\"https:\/\/www.lanterne-magique.org\/wp-content\/themes\/lanterne-magique\/static\/images\/bande_noire_longue.svg\" class=\"separateur_noir\"><\/p>\n<p style=\"text-align: center;\"><mark class=\"bouton_wrapper\"><a href=\"https:\/\/www.lanterne-magique.org\/de\/freiwillige\/\" target=\"\" rel=\"noopener noreferrer\">Freiwillige*r werden!<\/a><\/mark><\/p>\n","protected":false},"excerpt":{"rendered":"<p>Anl\u00e4sslich des Internationalen Tages des Ehrenamtes diesen Freitag, 5. Dezember, m\u00f6chte sich die Zauberlaterne bei diesen Menschen ganz herzlich bedanken.<\/p>\n","protected":false},"author":19,"featured_media":82794,"comment_status":"open","ping_status":"open","sticky":false,"template":"","format":"standard","meta":{"_acf_changed":false,"_monsterinsights_skip_tracking":false,"_monsterinsights_sitenote_active":false,"_monsterinsights_sitenote_note":"","_monsterinsights_sitenote_category":0,"footnotes":""},"categories":[469],"tags":[],"class_list":["post-90594","post","type-post","status-publish","format-standard","has-post-thumbnail","hentry","category-unkategorisiert"],"acf":{"suptitle":"Internationaler Tag des Ehrenamtes 2025","intro":"<p style=\"text-align: center;\"><mark class=\"bouton_wrapper\"><a href=\"https:\/\/www.lanterne-magique.org\/de\/freiwillige\/\" target=\"_blank\" rel=\"noopener\">\u2026und schliessen Sie sich uns an!<\/a><\/mark><\/p>","subtitle":"","bg_color":"bleu","sidebar_title":"","sidebar_content":"","sidebar_image":false},"_links":{"self":[{"href":"https:\/\/www.lanterne-magique.org\/de\/wp-json\/wp\/v2\/posts\/90594","targetHints":{"allow":["GET"]}}],"collection":[{"href":"https:\/\/www.lanterne-magique.org\/de\/wp-json\/wp\/v2\/posts"}],"about":[{"href":"https:\/\/www.lanterne-magique.org\/de\/wp-json\/wp\/v2\/types\/post"}],"author":[{"embeddable":true,"href":"https:\/\/www.lanterne-magique.org\/de\/wp-json\/wp\/v2\/users\/19"}],"replies":[{"embeddable":true,"href":"https:\/\/www.lanterne-magique.org\/de\/wp-json\/wp\/v2\/comments?post=90594"}],"version-history":[{"count":4,"href":"https:\/\/www.lanterne-magique.org\/de\/wp-json\/wp\/v2\/posts\/90594\/revisions"}],"predecessor-version":[{"id":90734,"href":"https:\/\/www.lanterne-magique.org\/de\/wp-json\/wp\/v2\/posts\/90594\/revisions\/90734"}],"wp:featuredmedia":[{"embeddable":true,"href":"https:\/\/www.lanterne-magique.org\/de\/wp-json\/wp\/v2\/media\/82794"}],"wp:attachment":[{"href":"https:\/\/www.lanterne-magique.org\/de\/wp-json\/wp\/v2\/media?parent=90594"}],"wp:term":[{"taxonomy":"category","embeddable":true,"href":"https:\/\/www.lanterne-magique.org\/de\/wp-json\/wp\/v2\/categories?post=90594"},{"taxonomy":"post_tag","embeddable":true,"href":"https:\/\/www.lanterne-magique.org\/de\/wp-json\/wp\/v2\/tags?post=90594"}],"curies":[{"name":"wp","href":"https:\/\/api.w.org\/{rel}","templated":true}]}}