{"id":36397,"date":"2014-09-24T00:00:00","date_gmt":"2014-09-24T00:00:00","guid":{"rendered":"https:\/\/2018.lanterne.ch\/de\/die-magie-der-zauberlaterne-am-fffh-14\/"},"modified":"2018-09-03T07:16:20","modified_gmt":"2018-09-03T07:16:20","slug":"die-magie-der-zauberlaterne-am-fffh-14","status":"publish","type":"post","link":"https:\/\/www.lanterne-magique.org\/de\/die-magie-der-zauberlaterne-am-fffh-14\/","title":{"rendered":"Die Magie der Zauberlaterne am FFFH&#8230;"},"content":{"rendered":"<p><mark class=\"bouton_wrapper\"><a href=\"https:\/\/www.lanterne-magique.org\/wp-content\/uploads\/2018\/08\/140918_BIELERTAGBLATT.pdf\" rel=\"noopener\" target=\"_blank\">PDF Dowload<\/a><\/mark><\/p>\n","protected":false},"excerpt":{"rendered":"<p>Normalerweise startet das Festival du Film Fran\u00e7ais d&#8217;Helv\u00e9tie (FFFH) mit dem Kindertag im Kino Rex. Dieses Jahr ist &#8211; aufgrund des Zehn-Jahr-Jubil\u00e4ums &#8211; alles ein bisschen anders.<\/p>\n","protected":false},"author":2,"featured_media":41555,"comment_status":"closed","ping_status":"closed","sticky":false,"template":"","format":"standard","meta":{"_acf_changed":false,"_monsterinsights_skip_tracking":false,"_monsterinsights_sitenote_active":false,"_monsterinsights_sitenote_note":"","_monsterinsights_sitenote_category":0,"footnotes":""},"categories":[835],"tags":[],"class_list":["post-36397","post","type-post","status-publish","format-standard","has-post-thumbnail","hentry","category-pressespiegel"],"acf":{"suptitle":"","intro":"","subtitle":"","bg_color":"blanc","sidebar_title":"","sidebar_content":"","sidebar_image":false},"_links":{"self":[{"href":"https:\/\/www.lanterne-magique.org\/de\/wp-json\/wp\/v2\/posts\/36397","targetHints":{"allow":["GET"]}}],"collection":[{"href":"https:\/\/www.lanterne-magique.org\/de\/wp-json\/wp\/v2\/posts"}],"about":[{"href":"https:\/\/www.lanterne-magique.org\/de\/wp-json\/wp\/v2\/types\/post"}],"author":[{"embeddable":true,"href":"https:\/\/www.lanterne-magique.org\/de\/wp-json\/wp\/v2\/users\/2"}],"replies":[{"embeddable":true,"href":"https:\/\/www.lanterne-magique.org\/de\/wp-json\/wp\/v2\/comments?post=36397"}],"version-history":[{"count":3,"href":"https:\/\/www.lanterne-magique.org\/de\/wp-json\/wp\/v2\/posts\/36397\/revisions"}],"predecessor-version":[{"id":41563,"href":"https:\/\/www.lanterne-magique.org\/de\/wp-json\/wp\/v2\/posts\/36397\/revisions\/41563"}],"wp:featuredmedia":[{"embeddable":true,"href":"https:\/\/www.lanterne-magique.org\/de\/wp-json\/wp\/v2\/media\/41555"}],"wp:attachment":[{"href":"https:\/\/www.lanterne-magique.org\/de\/wp-json\/wp\/v2\/media?parent=36397"}],"wp:term":[{"taxonomy":"category","embeddable":true,"href":"https:\/\/www.lanterne-magique.org\/de\/wp-json\/wp\/v2\/categories?post=36397"},{"taxonomy":"post_tag","embeddable":true,"href":"https:\/\/www.lanterne-magique.org\/de\/wp-json\/wp\/v2\/tags?post=36397"}],"curies":[{"name":"wp","href":"https:\/\/api.w.org\/{rel}","templated":true}]}}